[{"@context":"https:\/\/schema.org\/","@type":"Article","@id":"https:\/\/www.lesagro.cz\/boj-proti-vedru\/#Article","mainEntityOfPage":"https:\/\/www.lesagro.cz\/boj-proti-vedru\/","headline":"Boj proti vedru","name":"Boj proti vedru","description":"Pokud se tedy lidstvo do tohoto obdob\u00ed dostane, za\u010d\u00edn\u00e1 proti tomu bojovat. Doma to jist\u011b zn\u00e1te. V pr\u00e1ci tak\u00e9. Kdo by to ostatn\u011b neznal. Nejlep\u0161\u00ed","datePublished":"2022-03-12","dateModified":"2024-02-12","author":{"@type":"Person","@id":"https:\/\/www.lesagro.cz\/author\/#Person","name":"","url":"https:\/\/www.lesagro.cz\/author\/","identifier":1,"image":{"@type":"ImageObject","@id":"https:\/\/secure.gravatar.com\/avatar\/13dbcc20b7c05fcb5c4a6b0bee5a7107a0aae9238a83a4088a42d170780b2eca?s=96&d=mm&r=g","url":"https:\/\/secure.gravatar.com\/avatar\/13dbcc20b7c05fcb5c4a6b0bee5a7107a0aae9238a83a4088a42d170780b2eca?s=96&d=mm&r=g","height":96,"width":96}},"publisher":{"@type":"Organization","name":"lesagro.cz","logo":{"@type":"ImageObject","@id":"\/logo.png","url":"\/logo.png","width":600,"height":60}},"image":{"@type":"ImageObject","@id":"https:\/\/www.lesagro.cz\/wp-content\/uploads\/air_conditioning_fan_ceiling.jpg","url":"https:\/\/www.lesagro.cz\/wp-content\/uploads\/air_conditioning_fan_ceiling.jpg","height":0,"width":0},"url":"https:\/\/www.lesagro.cz\/boj-proti-vedru\/","about":["Produkty"],"wordCount":428,"articleBody":"         Pokud se tedy lidstvo do tohoto obdob\u00ed dostane, za\u010d\u00edn\u00e1 proti tomu bojovat. Doma to jist\u011b zn\u00e1te. V pr\u00e1ci tak\u00e9. Kdo by to ostatn\u011b neznal. Nejlep\u0161\u00ed obranou je vzduch ochlazovat. O n\u011bjak\u00fd stup\u00ednek t\u00edm, \u017ee vevnit\u0159 zatahujeme z\u00e1v\u011bsy, spou\u0161t\u00edme \u017ealuzie, prost\u011b br\u00e1n\u00edme slune\u010dn\u00edm paprsk\u016fm jakkoli pronikat dovnit\u0159. J\u00e1 osobn\u011b na z\u00e1v\u011bsy je\u0161t\u011b st\u0159\u00edk\u00e1m rozpra\u0161ova\u010dem vodu, \u010d\u00edm\u017e se trochu zase sn\u00ed\u017e\u00ed teplo v m\u00edstnosti a je zde trochu vlh\u010deji. Toto ov\u0161em nedoporu\u010duji ka\u017ed\u00e9mu, nap\u0159\u00edklad alergik by mohl m\u00edt jist\u00e9 drobn\u00e9 pot\u00ed\u017ee. Tak\u017ee na tohle pozor. Dal\u0161\u00ed v\u011bc je ta, \u017ee se pou\u0161t\u00ed v\u0161echny v\u011btr\u00e1ky, kter\u00e9 jsou k dispozici v \u0161irok\u00e9m okol\u00ed. Ano, tento zp\u016fsob je velmi dobr\u00fd a asi tak\u00e9 nejlevn\u011bj\u0161\u00ed. Je v\u0161ak vhodn\u00fd tak\u00e9 pro na\u0161e zdrav\u00ed? Netvrd\u00edm, \u017ee by jej n\u011bjak p\u0159\u00edmo po\u0161kozovalo, ale takov\u00e9 nafouk\u00e1n\u00ed do ucha a n\u00e1sledn\u00e1 bolest je skute\u010dn\u011b po\u017eite\u010dek, kter\u00fd nep\u0159eji nikomu. Tak\u017ee co d\u011blat proti tomu, abychom se \u00fapln\u011b v tom vedru nezadusili a mohli i nad\u00e1le pracovat, jak je pot\u0159eba? Nu, \u010dt\u011bte d\u00e1le a zjist\u00edte to. Zd\u00e1 se, \u017ee nejlep\u0161\u00edm \u0159e\u0161en\u00edm je klimatizace. Tu lze jen doporu\u010dit. Nikam nic nefouk\u00e1 a teplotu v m\u00edstnosti si lze nastavit dle vlastn\u00edch pot\u0159eb a p\u0159edstav. Jist\u011b, jeden bude nad\u00e1vat, \u017ee je zde moc zima, druh\u00fd \u017ee je zde horko, ale to u\u017e je ji\u017e jen ot\u00e1zkou domluvy, za to sama klimatizace jaksi nem\u016f\u017ee, proto\u017ee d\u011bl\u00e1 jen to, co j\u00ed n\u011bkdo p\u0159ik\u00e1zal-. Ale stejn\u011b se to s tou n\u00edzkou teplotou pr\u00fd p\u0159eh\u00e1n\u011bt nem\u00e1, proto\u017ee kdy\u017e pak vylezete z kancel\u00e1\u0159 \u010di bytu do skoro pades\u00e1ti stup\u0148ov\u00e9ho horka, m\u016f\u017ee se st\u00e1t, \u017ee budete m\u00edt probl\u00e9my. Proto i p\u0159i klimatizaci je t\u0159eba si to hl\u00eddat. A kde ji vz\u00edt? Inu hned zde, klimatizace Brno v\u00e1m zajist\u00ed v\u0161e, co se t\u00e9to v\u011bci t\u00fd\u010de a samoz\u0159ejm\u011b i porad\u00ed, pokud byste nev\u011bd\u011bli, co a jak. V\u00e1m u\u017e jen sta\u010d\u00ed kliknout pr\u00e1v\u011b na ten jinak barevn\u00fd odkaz a r\u00e1zem se ocitnete na jejich webu. Zde pak m\u00e1te kontaktn\u00ed \u00fadaje, kter\u00e9 pou\u017eijte tak, jak v\u00e1m l\u00e9pe vyhovuje.                                                                                                                                                                                                                                                                                                                                                                                                   "},{"@context":"https:\/\/schema.org\/","@type":"BreadcrumbList","itemListElement":[{"@type":"ListItem","position":1,"name":"Boj proti vedru","item":"https:\/\/www.lesagro.cz\/boj-proti-vedru\/#breadcrumbitem"}]}]