[{"@context":"https:\/\/schema.org\/","@type":"Article","@id":"https:\/\/www.lesagro.cz\/proc-byli-rodice-proti-zvyseni-veku-pro-detske-sedacky\/#Article","mainEntityOfPage":"https:\/\/www.lesagro.cz\/proc-byli-rodice-proti-zvyseni-veku-pro-detske-sedacky\/","headline":"Pro\u010d byli rodi\u010de proti zv\u00fd\u0161en\u00ed v\u011bku pro d\u011btsk\u00e9 seda\u010dky","name":"Pro\u010d byli rodi\u010de proti zv\u00fd\u0161en\u00ed v\u011bku pro d\u011btsk\u00e9 seda\u010dky","description":"Jist\u011b nikdo nebude tvrdit, \u017ee ve\u0161ker\u00e1 na\u0159\u00edzen\u00ed a novinky v\u00a0silni\u010dn\u00edm provozu jsou skute\u010dn\u011b rozumn\u00e1 a pro dobro \u0159idi\u010d\u016f. Mnoh\u00e1 jim naopak situaci je\u0161t\u011b zt\u011b\u017euj\u00ed. Nen\u00ed","datePublished":"2022-07-22","dateModified":"2023-06-09","author":{"@type":"Person","@id":"https:\/\/www.lesagro.cz\/author\/#Person","name":"","url":"https:\/\/www.lesagro.cz\/author\/","identifier":1,"image":{"@type":"ImageObject","@id":"https:\/\/secure.gravatar.com\/avatar\/13dbcc20b7c05fcb5c4a6b0bee5a7107a0aae9238a83a4088a42d170780b2eca?s=96&d=mm&r=g","url":"https:\/\/secure.gravatar.com\/avatar\/13dbcc20b7c05fcb5c4a6b0bee5a7107a0aae9238a83a4088a42d170780b2eca?s=96&d=mm&r=g","height":96,"width":96}},"publisher":{"@type":"Organization","name":"lesagro.cz","logo":{"@type":"ImageObject","@id":"\/logo.png","url":"\/logo.png","width":600,"height":60}},"image":{"@type":"ImageObject","@id":"https:\/\/www.lesagro.cz\/wp-content\/uploads\/auto1_10_10_8.jpg","url":"https:\/\/www.lesagro.cz\/wp-content\/uploads\/auto1_10_10_8.jpg","height":0,"width":0},"url":"https:\/\/www.lesagro.cz\/proc-byli-rodice-proti-zvyseni-veku-pro-detske-sedacky\/","about":["Auto moto"],"wordCount":471,"articleBody":"Jist\u011b nikdo nebude tvrdit, \u017ee ve\u0161ker\u00e1 na\u0159\u00edzen\u00ed a novinky v\u00a0silni\u010dn\u00edm provozu jsou skute\u010dn\u011b rozumn\u00e1 a pro dobro \u0159idi\u010d\u016f. Mnoh\u00e1 jim naopak situaci je\u0161t\u011b zt\u011b\u017euj\u00ed. Nen\u00ed tedy divu, \u017ee se na ka\u017ed\u00e9 nov\u00e9 d\u00edvaj\u00ed s\u00a0podez\u0159en\u00edm a nechut\u00ed, a to i v\u00a0p\u0159\u00edpad\u011b, \u017ee ono na\u0159\u00edzen\u00ed ve skute\u010dnosti m\u00e1 smysl.\u00a0Za jedno z\u00a0takov\u00fdch m\u016f\u017eeme pova\u017eovat i zv\u00fd\u0161en\u00ed v\u011bku, po kter\u00e9 je nutn\u00e9 d\u00edt\u011b vozit v\u00a0d\u011btsk\u00e9 seda\u010dce \u010di podsedku. Je to samoz\u0159ejm\u011b proto, aby se zv\u00fd\u0161ila jejich bezpe\u010dnost na silnic\u00edch. To je vzhledem ke zvy\u0161uj\u00edc\u00edmu se po\u010dtu aut na na\u0161ich vozovk\u00e1ch i stup\u0148uj\u00edc\u00ed se agresivit\u011b \u0159idi\u010d\u016f rozhodn\u011b smyslupln\u00e9.\u00a0\u00a0Tak\u00e9 plat\u00ed, \u017ee naprost\u00e1 v\u011bt\u0161ina rodi\u010d\u016f sv\u00e9 potomky miluje a sna\u017e\u00ed se je ochr\u00e1nit. Koneckonc\u016f, je to instinkt, kter\u00fd je napevno zakotven\u00fd v\u00a0na\u0161\u00ed DNA ji\u017e velmi dlouhou dobu a v\u017edy n\u00e1m dob\u0159e slou\u017eil. Proto se zd\u00e1 divn\u00e9, \u017ee se toto na\u0159\u00edzen\u00ed setk\u00e1valo s\u00a0odporem, a to i ze strany rodi\u010d\u016f.\u00a0Ve skute\u010dnosti to v\u0161ak m\u00e1 sv\u016fj d\u016fvod, \u010di sp\u00ed\u0161e hned n\u011bkolik d\u016fvod\u016f. T\u00edm hlavn\u00edm je fakt, \u017ee si rodi\u010de zkr\u00e1tka nedovedou p\u0159edstavit, \u017ee by se mohli st\u00e1t ob\u011bt\u00ed dopravn\u00ed nehody. Jedn\u00e1 se v\u00a0podstat\u011b o fakt, \u017ee vzhledem k\u00a0tomu, \u017ee se za mnoho let nic nestalo, jsou p\u0159esv\u011bd\u010den\u00ed, \u017ee tomu tak bude i nad\u00e1le. P\u0159eci jen oni jezd\u00ed opatrn\u011b, zvl\u00e1\u0161t\u011b pokud sebou maj\u00ed sv\u00e9 potomky. Jen m\u00e1lokdy si v\u0161ak uv\u011bdomuj\u00ed, \u017ee to, \u017ee oni praktikuj\u00ed defenzivn\u00ed zp\u016fsob j\u00edzdy, neznamen\u00e1, \u017ee tak budou \u010dinit i ostatn\u00ed. K\u00a0ne\u0161t\u011bst\u00ed pak je v\u017edy jen kr\u016f\u010dek.\u00a0\u00a0Dal\u0161\u00edm faktorem je, \u017ee nejsou p\u0159esv\u011bd\u010deni, \u017ee d\u011btsk\u00e9 seda\u010dky \u010di podsed\u00e1ky budou znamenat v\u00a0p\u0159\u00edpad\u011b nehody takov\u00fd rozd\u00edl. To v\u0161ak nen\u00ed pravda. Abychom se o tom p\u0159esv\u011bd\u010dili, sta\u010d\u00ed se pod\u00edvat na r\u016fzn\u00e1 videa, kde se nejr\u016fzn\u011bj\u0161\u00ed typy t\u011bchto seda\u010dek testuj\u00ed. V\u00a0p\u0159\u00edpad\u011b nehody mohou na\u0161emu d\u00edt\u011bti dokonce i zachr\u00e1nit \u017eivot.\u00a0S\u00a0t\u00edm se v\u0161ak poj\u00ed i dal\u0161\u00ed probl\u00e9m, a t\u00edm je cena. P\u0159eci jen, toto vybaven\u00ed nen\u00ed zadarmo, zvl\u00e1\u0161t\u011b pokud chceme kvalitn\u00ed. A pokud nejsou rodi\u010de p\u0159esv\u011bd\u010deni o jeho u\u017eite\u010dnosti, je jasn\u00e9, \u017ee to budou pova\u017eovat za zbyte\u010dn\u011b vyhozen\u00e9 pen\u00edze.\u00a0Navzdory tomu je v\u0161ak dobr\u00e9 si uv\u011bdomit, \u017ee nehoda se m\u016f\u017ee st\u00e1t kdykoliv. A v\u011b\u0159te, \u017ee d\u011btsk\u00fd \u017eivot za to nestoj\u00ed.                                                                                                                                                                                                                                                                                                                                                                                                "},{"@context":"https:\/\/schema.org\/","@type":"BreadcrumbList","itemListElement":[{"@type":"ListItem","position":1,"name":"Pro\u010d byli rodi\u010de proti zv\u00fd\u0161en\u00ed v\u011bku pro d\u011btsk\u00e9 seda\u010dky","item":"https:\/\/www.lesagro.cz\/proc-byli-rodice-proti-zvyseni-veku-pro-detske-sedacky\/#breadcrumbitem"}]}]